{"id":1183,"date":"2013-07-06T18:15:40","date_gmt":"2013-07-06T18:15:40","guid":{"rendered":"http:\/\/naissaar.eu\/?p=1183"},"modified":"2013-06-06T19:31:32","modified_gmt":"2013-06-06T19:31:32","slug":"naissaare-omari-kuuni-publiku-aias-kell-1815-hellerella-avapidu","status":"publish","type":"post","link":"https:\/\/naissaar.eu\/wp\/naissaare-omari-kuuni-publiku-aias-kell-1815-hellerella-avapidu\/","title":{"rendered":"Naissaare Omari k\u00fc\u00fcni publiku aias HELLERELLA  AVAPIDU"},"content":{"rendered":"<p><strong>6. juuli kell 18:15<\/strong><\/p>\n<p>Kontsert kolme esiettekandega<\/p>\n<p>Tallinna Kammerorkester \/ T\u00f5nu Kaljuste T\u00f5nu K\u00f5rvits (+DJ) \/ Jaan T\u00e4tte \/ Kadri Voorand \/ Rasmus Puur \/ Jarek Kasar<\/p>\n<p>\u00c4sja valminud publiku uus sise\u00f5u ja kohvik Hellerella on saanud nime \u00f6\u00f6liblika Blastodacna hellerella ladinakeelse nimetuse j\u00e4rgi. Avamise puhuks on tellitud uhiuued teosed T\u00f5nu K\u00f5rvitsalt, Rasmus Puurilt ja Jarek Kasarilt. Tantsu\u00f5htut sisustab DJ T\u00f5nu K\u00f5rvits.<\/p>\n<p>* * *<\/p>\n<p><strong>Kuni 31.05.13<\/strong><br \/>\nPilet transpordita 13 \u20ac<br \/>\nPilet transpordiga 28 \u20ac<\/p>\n<p><strong>Edasi<\/strong><br \/>\nPilet transpordita 15 \u20ac<br \/>\nPilet transpordiga\u00a030 \u20ac<\/p>\n<p><strong>Toimumise p\u00e4eval<\/strong><br \/>\nPilet transpordita 17 \u20ac<\/p>\n<p>Soodustusi ei ole<\/p>\n<p>Laevapileti peavad ostma ka s\u00fclelapsed.<br \/>\n<strong>Lisainfo:<\/strong> Kestus 2 h, ligip\u00e4\u00e4s ratastooliga olemas, tegemist\u00a0on \u00a0vabas \u00f5hus toimuva \u00fcritusega.<br \/>\nPildistamine\/ filmimine lubatud!<\/p>\n<p><a href=\"http:\/\/www.piletilevi.ee\/est\/piletid\/festival\/nargenfestival_2013\/?show=29652\"> <strong>Osta pilet Piletilevist!<\/strong><\/a><\/p>\n","protected":false},"excerpt":{"rendered":"<p>6. juuli kell 18:15 Kontsert kolme esiettekandega Tallinna Kammerorkester \/ T\u00f5nu Kaljuste T\u00f5nu K\u00f5rvits (+DJ) \/ Jaan T\u00e4tte \/ Kadri Voorand \/ Rasmus Puur \/ Jarek Kasar \u00c4sja valminud publiku uus sise\u00f5u ja kohvik Hellerella on saanud nime \u00f6\u00f6liblika Blastodacna hellerella ladinakeelse nimetuse j\u00e4rgi. Avamise puhuks on tellitud uhiuued teosed T\u00f5nu K\u00f5rvitsalt, Rasmus Puurilt ja [&hellip;]<\/p>\n","protected":false},"author":2,"featured_media":1184,"comment_status":"closed","ping_status":"closed","sticky":false,"template":"","format":"standard","meta":{"_monsterinsights_skip_tracking":false,"_monsterinsights_sitenote_active":false,"_monsterinsights_sitenote_note":"","_monsterinsights_sitenote_category":0,"ngg_post_thumbnail":0,"footnotes":""},"categories":[4],"tags":[],"class_list":["post-1183","post","type-post","status-publish","format-standard","has-post-thumbnail","hentry","category-uritused"],"yoast_head":"<!-- This site is optimized with the Yoast SEO plugin v27.5 - https:\/\/yoast.com\/product\/yoast-seo-wordpress\/ -->\n<title>Naissaare Omari k\u00fc\u00fcni publiku aias HELLERELLA AVAPIDU - Naissaare Turismi- ja Puhkekeskus<\/title>\n<meta name=\"robots\" content=\"index, follow, max-snippet:-1, max-image-preview:large, max-video-preview:-1\" \/>\n<link rel=\"canonical\" href=\"https:\/\/www.naissaar.eu\/wp\/naissaare-omari-kuuni-publiku-aias-kell-1815-hellerella-avapidu\/\" \/>\n<meta name=\"twitter:label1\" content=\"Written by\" \/>\n\t<meta name=\"twitter:data1\" content=\"tarmo\" \/>\n\t<meta name=\"twitter:label2\" content=\"Est. reading time\" \/>\n\t<meta name=\"twitter:data2\" content=\"1 minut\" \/>\n<script type=\"application\/ld+json\" class=\"yoast-schema-graph\">{\"@context\":\"https:\\\/\\\/schema.org\",\"@graph\":[{\"@type\":\"Article\",\"@id\":\"https:\\\/\\\/www.naissaar.eu\\\/wp\\\/naissaare-omari-kuuni-publiku-aias-kell-1815-hellerella-avapidu\\\/#article\",\"isPartOf\":{\"@id\":\"https:\\\/\\\/www.naissaar.eu\\\/wp\\\/naissaare-omari-kuuni-publiku-aias-kell-1815-hellerella-avapidu\\\/\"},\"author\":{\"name\":\"tarmo\",\"@id\":\"https:\\\/\\\/naissaar.eu\\\/wp\\\/#\\\/schema\\\/person\\\/885a051661eb1ab01bece2f2b3a64418\"},\"headline\":\"Naissaare Omari k\u00fc\u00fcni publiku aias HELLERELLA AVAPIDU\",\"datePublished\":\"2013-07-06T18:15:40+00:00\",\"mainEntityOfPage\":{\"@id\":\"https:\\\/\\\/www.naissaar.eu\\\/wp\\\/naissaare-omari-kuuni-publiku-aias-kell-1815-hellerella-avapidu\\\/\"},\"wordCount\":117,\"image\":{\"@id\":\"https:\\\/\\\/www.naissaar.eu\\\/wp\\\/naissaare-omari-kuuni-publiku-aias-kell-1815-hellerella-avapidu\\\/#primaryimage\"},\"thumbnailUrl\":\"https:\\\/\\\/naissaar.eu\\\/wp\\\/wp-content\\\/uploads\\\/2013\\\/06\\\/Nargenfestival_2013-e1370545889289.jpg\",\"articleSection\":[\"\u00dcritused\"],\"inLanguage\":\"et\"},{\"@type\":\"WebPage\",\"@id\":\"https:\\\/\\\/www.naissaar.eu\\\/wp\\\/naissaare-omari-kuuni-publiku-aias-kell-1815-hellerella-avapidu\\\/\",\"url\":\"https:\\\/\\\/www.naissaar.eu\\\/wp\\\/naissaare-omari-kuuni-publiku-aias-kell-1815-hellerella-avapidu\\\/\",\"name\":\"Naissaare Omari k\u00fc\u00fcni publiku aias HELLERELLA AVAPIDU - Naissaare Turismi- ja Puhkekeskus\",\"isPartOf\":{\"@id\":\"https:\\\/\\\/naissaar.eu\\\/wp\\\/#website\"},\"primaryImageOfPage\":{\"@id\":\"https:\\\/\\\/www.naissaar.eu\\\/wp\\\/naissaare-omari-kuuni-publiku-aias-kell-1815-hellerella-avapidu\\\/#primaryimage\"},\"image\":{\"@id\":\"https:\\\/\\\/www.naissaar.eu\\\/wp\\\/naissaare-omari-kuuni-publiku-aias-kell-1815-hellerella-avapidu\\\/#primaryimage\"},\"thumbnailUrl\":\"https:\\\/\\\/naissaar.eu\\\/wp\\\/wp-content\\\/uploads\\\/2013\\\/06\\\/Nargenfestival_2013-e1370545889289.jpg\",\"datePublished\":\"2013-07-06T18:15:40+00:00\",\"author\":{\"@id\":\"https:\\\/\\\/naissaar.eu\\\/wp\\\/#\\\/schema\\\/person\\\/885a051661eb1ab01bece2f2b3a64418\"},\"breadcrumb\":{\"@id\":\"https:\\\/\\\/www.naissaar.eu\\\/wp\\\/naissaare-omari-kuuni-publiku-aias-kell-1815-hellerella-avapidu\\\/#breadcrumb\"},\"inLanguage\":\"et\",\"potentialAction\":[{\"@type\":\"ReadAction\",\"target\":[\"https:\\\/\\\/www.naissaar.eu\\\/wp\\\/naissaare-omari-kuuni-publiku-aias-kell-1815-hellerella-avapidu\\\/\"]}]},{\"@type\":\"ImageObject\",\"inLanguage\":\"et\",\"@id\":\"https:\\\/\\\/www.naissaar.eu\\\/wp\\\/naissaare-omari-kuuni-publiku-aias-kell-1815-hellerella-avapidu\\\/#primaryimage\",\"url\":\"https:\\\/\\\/naissaar.eu\\\/wp\\\/wp-content\\\/uploads\\\/2013\\\/06\\\/Nargenfestival_2013-e1370545889289.jpg\",\"contentUrl\":\"https:\\\/\\\/naissaar.eu\\\/wp\\\/wp-content\\\/uploads\\\/2013\\\/06\\\/Nargenfestival_2013-e1370545889289.jpg\",\"width\":\"283\",\"height\":\"400\"},{\"@type\":\"BreadcrumbList\",\"@id\":\"https:\\\/\\\/www.naissaar.eu\\\/wp\\\/naissaare-omari-kuuni-publiku-aias-kell-1815-hellerella-avapidu\\\/#breadcrumb\",\"itemListElement\":[{\"@type\":\"ListItem\",\"position\":1,\"name\":\"Home\",\"item\":\"https:\\\/\\\/naissaar.eu\\\/wp\\\/\"},{\"@type\":\"ListItem\",\"position\":2,\"name\":\"Naissaare Omari k\u00fc\u00fcni publiku aias HELLERELLA AVAPIDU\"}]},{\"@type\":\"WebSite\",\"@id\":\"https:\\\/\\\/naissaar.eu\\\/wp\\\/#website\",\"url\":\"https:\\\/\\\/naissaar.eu\\\/wp\\\/\",\"name\":\"Naissaare Turismi- ja Puhkekeskus\",\"description\":\"\",\"potentialAction\":[{\"@type\":\"SearchAction\",\"target\":{\"@type\":\"EntryPoint\",\"urlTemplate\":\"https:\\\/\\\/naissaar.eu\\\/wp\\\/?s={search_term_string}\"},\"query-input\":{\"@type\":\"PropertyValueSpecification\",\"valueRequired\":true,\"valueName\":\"search_term_string\"}}],\"inLanguage\":\"et\"},{\"@type\":\"Person\",\"@id\":\"https:\\\/\\\/naissaar.eu\\\/wp\\\/#\\\/schema\\\/person\\\/885a051661eb1ab01bece2f2b3a64418\",\"name\":\"tarmo\",\"image\":{\"@type\":\"ImageObject\",\"inLanguage\":\"et\",\"@id\":\"https:\\\/\\\/secure.gravatar.com\\\/avatar\\\/75c308dbdba254cbb8039944f4835e2e5017d13cee06209a57d3e3bc7d3de342?s=96&d=mm&r=g\",\"url\":\"https:\\\/\\\/secure.gravatar.com\\\/avatar\\\/75c308dbdba254cbb8039944f4835e2e5017d13cee06209a57d3e3bc7d3de342?s=96&d=mm&r=g\",\"contentUrl\":\"https:\\\/\\\/secure.gravatar.com\\\/avatar\\\/75c308dbdba254cbb8039944f4835e2e5017d13cee06209a57d3e3bc7d3de342?s=96&d=mm&r=g\",\"caption\":\"tarmo\"},\"url\":\"https:\\\/\\\/naissaar.eu\\\/wp\\\/author\\\/tarmo\\\/\"}]}<\/script>\n<!-- \/ Yoast SEO plugin. -->","yoast_head_json":{"title":"Naissaare Omari k\u00fc\u00fcni publiku aias HELLERELLA AVAPIDU - Naissaare Turismi- ja Puhkekeskus","robots":{"index":"index","follow":"follow","max-snippet":"max-snippet:-1","max-image-preview":"max-image-preview:large","max-video-preview":"max-video-preview:-1"},"canonical":"https:\/\/www.naissaar.eu\/wp\/naissaare-omari-kuuni-publiku-aias-kell-1815-hellerella-avapidu\/","twitter_misc":{"Written by":"tarmo","Est. reading time":"1 minut"},"schema":{"@context":"https:\/\/schema.org","@graph":[{"@type":"Article","@id":"https:\/\/www.naissaar.eu\/wp\/naissaare-omari-kuuni-publiku-aias-kell-1815-hellerella-avapidu\/#article","isPartOf":{"@id":"https:\/\/www.naissaar.eu\/wp\/naissaare-omari-kuuni-publiku-aias-kell-1815-hellerella-avapidu\/"},"author":{"name":"tarmo","@id":"https:\/\/naissaar.eu\/wp\/#\/schema\/person\/885a051661eb1ab01bece2f2b3a64418"},"headline":"Naissaare Omari k\u00fc\u00fcni publiku aias HELLERELLA AVAPIDU","datePublished":"2013-07-06T18:15:40+00:00","mainEntityOfPage":{"@id":"https:\/\/www.naissaar.eu\/wp\/naissaare-omari-kuuni-publiku-aias-kell-1815-hellerella-avapidu\/"},"wordCount":117,"image":{"@id":"https:\/\/www.naissaar.eu\/wp\/naissaare-omari-kuuni-publiku-aias-kell-1815-hellerella-avapidu\/#primaryimage"},"thumbnailUrl":"https:\/\/naissaar.eu\/wp\/wp-content\/uploads\/2013\/06\/Nargenfestival_2013-e1370545889289.jpg","articleSection":["\u00dcritused"],"inLanguage":"et"},{"@type":"WebPage","@id":"https:\/\/www.naissaar.eu\/wp\/naissaare-omari-kuuni-publiku-aias-kell-1815-hellerella-avapidu\/","url":"https:\/\/www.naissaar.eu\/wp\/naissaare-omari-kuuni-publiku-aias-kell-1815-hellerella-avapidu\/","name":"Naissaare Omari k\u00fc\u00fcni publiku aias HELLERELLA AVAPIDU - Naissaare Turismi- ja Puhkekeskus","isPartOf":{"@id":"https:\/\/naissaar.eu\/wp\/#website"},"primaryImageOfPage":{"@id":"https:\/\/www.naissaar.eu\/wp\/naissaare-omari-kuuni-publiku-aias-kell-1815-hellerella-avapidu\/#primaryimage"},"image":{"@id":"https:\/\/www.naissaar.eu\/wp\/naissaare-omari-kuuni-publiku-aias-kell-1815-hellerella-avapidu\/#primaryimage"},"thumbnailUrl":"https:\/\/naissaar.eu\/wp\/wp-content\/uploads\/2013\/06\/Nargenfestival_2013-e1370545889289.jpg","datePublished":"2013-07-06T18:15:40+00:00","author":{"@id":"https:\/\/naissaar.eu\/wp\/#\/schema\/person\/885a051661eb1ab01bece2f2b3a64418"},"breadcrumb":{"@id":"https:\/\/www.naissaar.eu\/wp\/naissaare-omari-kuuni-publiku-aias-kell-1815-hellerella-avapidu\/#breadcrumb"},"inLanguage":"et","potentialAction":[{"@type":"ReadAction","target":["https:\/\/www.naissaar.eu\/wp\/naissaare-omari-kuuni-publiku-aias-kell-1815-hellerella-avapidu\/"]}]},{"@type":"ImageObject","inLanguage":"et","@id":"https:\/\/www.naissaar.eu\/wp\/naissaare-omari-kuuni-publiku-aias-kell-1815-hellerella-avapidu\/#primaryimage","url":"https:\/\/naissaar.eu\/wp\/wp-content\/uploads\/2013\/06\/Nargenfestival_2013-e1370545889289.jpg","contentUrl":"https:\/\/naissaar.eu\/wp\/wp-content\/uploads\/2013\/06\/Nargenfestival_2013-e1370545889289.jpg","width":"283","height":"400"},{"@type":"BreadcrumbList","@id":"https:\/\/www.naissaar.eu\/wp\/naissaare-omari-kuuni-publiku-aias-kell-1815-hellerella-avapidu\/#breadcrumb","itemListElement":[{"@type":"ListItem","position":1,"name":"Home","item":"https:\/\/naissaar.eu\/wp\/"},{"@type":"ListItem","position":2,"name":"Naissaare Omari k\u00fc\u00fcni publiku aias HELLERELLA AVAPIDU"}]},{"@type":"WebSite","@id":"https:\/\/naissaar.eu\/wp\/#website","url":"https:\/\/naissaar.eu\/wp\/","name":"Naissaare Turismi- ja Puhkekeskus","description":"","potentialAction":[{"@type":"SearchAction","target":{"@type":"EntryPoint","urlTemplate":"https:\/\/naissaar.eu\/wp\/?s={search_term_string}"},"query-input":{"@type":"PropertyValueSpecification","valueRequired":true,"valueName":"search_term_string"}}],"inLanguage":"et"},{"@type":"Person","@id":"https:\/\/naissaar.eu\/wp\/#\/schema\/person\/885a051661eb1ab01bece2f2b3a64418","name":"tarmo","image":{"@type":"ImageObject","inLanguage":"et","@id":"https:\/\/secure.gravatar.com\/avatar\/75c308dbdba254cbb8039944f4835e2e5017d13cee06209a57d3e3bc7d3de342?s=96&d=mm&r=g","url":"https:\/\/secure.gravatar.com\/avatar\/75c308dbdba254cbb8039944f4835e2e5017d13cee06209a57d3e3bc7d3de342?s=96&d=mm&r=g","contentUrl":"https:\/\/secure.gravatar.com\/avatar\/75c308dbdba254cbb8039944f4835e2e5017d13cee06209a57d3e3bc7d3de342?s=96&d=mm&r=g","caption":"tarmo"},"url":"https:\/\/naissaar.eu\/wp\/author\/tarmo\/"}]}},"_links":{"self":[{"href":"https:\/\/naissaar.eu\/wp\/wp-json\/wp\/v2\/posts\/1183","targetHints":{"allow":["GET"]}}],"collection":[{"href":"https:\/\/naissaar.eu\/wp\/wp-json\/wp\/v2\/posts"}],"about":[{"href":"https:\/\/naissaar.eu\/wp\/wp-json\/wp\/v2\/types\/post"}],"author":[{"embeddable":true,"href":"https:\/\/naissaar.eu\/wp\/wp-json\/wp\/v2\/users\/2"}],"replies":[{"embeddable":true,"href":"https:\/\/naissaar.eu\/wp\/wp-json\/wp\/v2\/comments?post=1183"}],"version-history":[{"count":5,"href":"https:\/\/naissaar.eu\/wp\/wp-json\/wp\/v2\/posts\/1183\/revisions"}],"predecessor-version":[{"id":1186,"href":"https:\/\/naissaar.eu\/wp\/wp-json\/wp\/v2\/posts\/1183\/revisions\/1186"}],"wp:featuredmedia":[{"embeddable":true,"href":"https:\/\/naissaar.eu\/wp\/wp-json\/wp\/v2\/media\/1184"}],"wp:attachment":[{"href":"https:\/\/naissaar.eu\/wp\/wp-json\/wp\/v2\/media?parent=1183"}],"wp:term":[{"taxonomy":"category","embeddable":true,"href":"https:\/\/naissaar.eu\/wp\/wp-json\/wp\/v2\/categories?post=1183"},{"taxonomy":"post_tag","embeddable":true,"href":"https:\/\/naissaar.eu\/wp\/wp-json\/wp\/v2\/tags?post=1183"}],"curies":[{"name":"wp","href":"https:\/\/api.w.org\/{rel}","templated":true}]}}